{"id":6687,"date":"2020-04-30T04:15:56","date_gmt":"2020-04-30T07:15:56","guid":{"rendered":"https:\/\/solartik.com\/ar\/?p=6687"},"modified":"2024-03-04T10:50:26","modified_gmt":"2024-03-04T13:50:26","slug":"que-es-un-sistema-solar-on-grid","status":"publish","type":"post","link":"https:\/\/solartik.com\/ar\/blog\/energia-solar-fotovoltaica\/general\/que-es-un-sistema-solar-on-grid\/","title":{"rendered":"\u00bfQue es un sistema solar ON GRID?"},"content":{"rendered":"\t\t<div data-elementor-type=\"wp-post\" data-elementor-id=\"6687\" class=\"elementor elementor-6687\">\n\t\t\t\t        <section class=\"elementor-section elementor-top-section elementor-element elementor-element-fe9c0a5 elementor-section-boxed elementor-section-height-default elementor-section-height-default pxl-section-overflow-hidden-no\" data-id=\"fe9c0a5\" data-element_type=\"section\" data-e-type=\"section\">\n\n                \n                <div class=\"elementor-container elementor-column-gap-default \">\n                <div class=\"elementor-column elementor-col-100 elementor-top-column elementor-element elementor-element-77860f7 pxl-column-element-default\" data-id=\"77860f7\" data-element_type=\"column\" data-e-type=\"column\">\r\n        <div class=\"elementor-widget-wrap elementor-element-populated\">\r\n                     \r\n        \t\t<div class=\"elementor-element elementor-element-2beefd4 elementor-widget elementor-widget-pxl_text_editor\" data-id=\"2beefd4\" data-element_type=\"widget\" data-e-type=\"widget\" data-widget_type=\"pxl_text_editor.default\">\n\t\t\t\t<div class=\"elementor-widget-container\">\n\t\t\t\t\t<div id=\"pxl_text_editor-2beefd4-4116\" class=\"pxl-text-editor-wrap d-flex \" >\n\t<div class=\"pxl-text-editor elementor-clearfix\">\n\t\t<p>Un sistema solar ON GRID o en red, es un sistema conformado por <a href=\"https:\/\/enertik.com\/ar\/categoria\/energia-solar-fotovoltaica\/paneles-solares\/\" target=\"_blank\" rel=\"noreferrer noopener\" aria-label=\"paneles solares (opens in a new tab)\">paneles solares<\/a>, <a href=\"https:\/\/enertik.com\/ar\/categoria\/energia-solar-fotovoltaica\/soportes-para-paneles-solares\/\" target=\"_blank\" rel=\"noreferrer noopener\" aria-label=\"soportes de fijacion (opens in a new tab)\">soportes de fijacion<\/a>, <a href=\"https:\/\/enertik.com\/ar\/categoria\/energia-solar-fotovoltaica\/cables-fotovoltaicos\/\" target=\"_blank\" rel=\"noopener\">cables<\/a>, <a href=\"https:\/\/enertik.com\/ar\/categoria\/energia-solar-fotovoltaica\/inversores-con-conexion-a-red\/\" target=\"_blank\" rel=\"noreferrer noopener\" aria-label=\"inversor (opens in a new tab)\">inversor<\/a>, <a href=\"https:\/\/enertik.com\/ar\/categoria\/otros-productos\/accesorios-y-protecciones\/protecciones\/\" target=\"_blank\" rel=\"noreferrer noopener\" aria-label=\"protecciones el\u00e9ctricas (opens in a new tab)\">protecciones el\u00e9ctricas<\/a> y medidor bidireccional, dise\u00f1ado para convertir la radiaci\u00f3n solar que llega a los paneles, en energ\u00eda el\u00e9ctrica con id\u00e9nticas caracter\u00edstica que la red para inyectarla a la misma.<\/p><p>La conexi\u00f3n entre los componentes del sistema se realizar\u00e1 seg\u00fan lo enmarcado en la Ley N\u00ba 27424 de generaci\u00f3n distribuida para las provincias adheridas o a la normativa que corresponda. En el caso especial de la provincia de Santa Fe que no se encuentra adherida, ya que cuenta con el programa \u201cprosumidores\u201d anterior a la publicaci\u00f3n de dicha ley.<\/p><p>Una alternativa posible, resulta de combinar el sistema anterior con uno OFF GRID conocidos como sistemas <strong>\u201ch\u00edbridos\u201d<\/strong>. Para ello se utiliza un <a href=\"https:\/\/enertik.com\/ar\/categoria\/energia-solar-fotovoltaica\/inversores-con-conexion-a-red\/con-backup-hibrido\/\" target=\"_blank\" rel=\"noreferrer noopener\" aria-label=\"inversor especifico (opens in a new tab)\">inversor especifico<\/a>, que adem\u00e1s de los elementos anteriores, permite la conexi\u00f3n de un banco de bater\u00edas de respaldo para almacenar energ\u00eda.<\/p>\t\t\n\t<\/div>\n<\/div>\t\t\t\t<\/div>\n\t\t\t\t<\/div>\n\t\t            <\/div>\r\n        <\/div>\r\n        \t\t\t<\/div>\n\t\t<\/section>\n\t\t        <section class=\"elementor-section elementor-top-section elementor-element elementor-element-17a477f elementor-section-boxed elementor-section-height-default elementor-section-height-default pxl-section-overflow-hidden-no\" data-id=\"17a477f\" data-element_type=\"section\" data-e-type=\"section\">\n\n                \n                <div class=\"elementor-container elementor-column-gap-default \">\n                <div class=\"elementor-column elementor-col-100 elementor-top-column elementor-element elementor-element-cd7f9e3 pxl-column-element-default\" data-id=\"cd7f9e3\" data-element_type=\"column\" data-e-type=\"column\">\r\n        <div class=\"elementor-widget-wrap elementor-element-populated\">\r\n                     \r\n        \t\t<div class=\"elementor-element elementor-element-b0112ed elementor-widget elementor-widget-heading\" data-id=\"b0112ed\" data-element_type=\"widget\" data-e-type=\"widget\" data-widget_type=\"heading.default\">\n\t\t\t\t<div class=\"elementor-widget-container\">\n\t\t\t\t\t<h2 class=\"elementor-heading-title elementor-size-large\">PRINCIPIO DE FUNCIONAMIENTO\n<\/h2>\t\t\t\t<\/div>\n\t\t\t\t<\/div>\n\t\t            <\/div>\r\n        <\/div>\r\n        \t\t\t<\/div>\n\t\t<\/section>\n\t\t        <section class=\"elementor-section elementor-top-section elementor-element elementor-element-df3d223 elementor-section-boxed elementor-section-height-default elementor-section-height-default pxl-section-overflow-hidden-no\" data-id=\"df3d223\" data-element_type=\"section\" data-e-type=\"section\">\n\n                \n                <div class=\"elementor-container elementor-column-gap-default \">\n                <div class=\"elementor-column elementor-col-100 elementor-top-column elementor-element elementor-element-752babb pxl-column-element-default\" data-id=\"752babb\" data-element_type=\"column\" data-e-type=\"column\">\r\n        <div class=\"elementor-widget-wrap elementor-element-populated\">\r\n                     \r\n        \t\t<div class=\"elementor-element elementor-element-b8cdbc2 elementor-widget elementor-widget-pxl_text_editor\" data-id=\"b8cdbc2\" data-element_type=\"widget\" data-e-type=\"widget\" data-widget_type=\"pxl_text_editor.default\">\n\t\t\t\t<div class=\"elementor-widget-container\">\n\t\t\t\t\t<div id=\"pxl_text_editor-b8cdbc2-5089\" class=\"pxl-text-editor-wrap d-flex \" >\n\t<div class=\"pxl-text-editor elementor-clearfix\">\n\t\t<p>Como es de suponer, los sistemas fotovoltaicos varian la generacion de energia en funcion de la cantidad de radiaci\u00f3n solar que incide en los paneles fotovoltaicos. Por lo que, adem\u00e1s de d\u00edas soleados, tambi\u00e9n habr\u00e1 generaci\u00f3n en d\u00edas nublados (en menor medida).<\/p><p>La energ\u00eda de los m\u00f3dulos puede ser inyectada a la red o consumida en la vivienda. Esto depende de que si en el momento de la generaci\u00f3n los artefactos el\u00e9ctricos se encuentran en funcionamiento. Distinto es en el caso de Santa Fe, donde toda la energ\u00eda generada se vende a la red. Por otro lado, cuando el consumo sea mayor que el generado, o en la noche, la energ\u00eda faltante ser\u00e1 provista por la red.<\/p><p>El medidor bidireccional es el elemento que permite contabilizar el consumo e inyecci\u00f3n\u00a0 desde el sistema fotovoltaico hacia la red. La empresa distribuidora de la energ\u00eda aplicar\u00e1, en base a estos valores, las tarifas correspondientes modificando el valor de la boleta de luz.<\/p><p>Se puede observar en el siguiente gr\u00e1fico, la curva de color rojo es el consumo t\u00edpico de una vivienda o empresa durante un d\u00eda habitual. La curva en azul, la energ\u00eda generada por el sistema solar. El exceso de energ\u00eda es registrado por el medidor bidireccional y vendido a la compa\u00f1\u00eda distribuidora.\u00a0<\/p>\t\t\n\t<\/div>\n<\/div>\t\t\t\t<\/div>\n\t\t\t\t<\/div>\n\t\t            <\/div>\r\n        <\/div>\r\n        \t\t\t<\/div>\n\t\t<\/section>\n\t\t        <section class=\"elementor-section elementor-top-section elementor-element elementor-element-413be30 elementor-section-boxed elementor-section-height-default elementor-section-height-default pxl-section-overflow-hidden-no\" data-id=\"413be30\" data-element_type=\"section\" data-e-type=\"section\">\n\n                \n                <div class=\"elementor-container elementor-column-gap-default \">\n                <div class=\"elementor-column elementor-col-100 elementor-top-column elementor-element elementor-element-2d3eec2 pxl-column-element-default\" data-id=\"2d3eec2\" data-element_type=\"column\" data-e-type=\"column\">\r\n        <div class=\"elementor-widget-wrap elementor-element-populated\">\r\n                     \r\n        \t\t<div class=\"elementor-element elementor-element-06be40d elementor-widget elementor-widget-image\" data-id=\"06be40d\" data-element_type=\"widget\" data-e-type=\"widget\" data-widget_type=\"image.default\">\n\t\t\t\t<div class=\"elementor-widget-container\">\n\t\t\t\t\t\t\t\t\t\t\t\t\t\t\t<img fetchpriority=\"high\" decoding=\"async\" width=\"1406\" height=\"701\" src=\"https:\/\/solartik.com\/ar\/wp-content\/uploads\/sites\/2\/2020\/04\/grafico-solar-on-grid.png.webp\" class=\"attachment-full size-full wp-image-6690\" alt=\"\" srcset=\"https:\/\/solartik.com\/ar\/wp-content\/uploads\/sites\/2\/2020\/04\/grafico-solar-on-grid.png.webp 1406w, https:\/\/solartik.com\/ar\/wp-content\/uploads\/sites\/2\/2020\/04\/grafico-solar-on-grid.png-1170x583.webp 1170w\" sizes=\"(max-width: 1406px) 100vw, 1406px\" title=\"\">\t\t\t\t\t\t\t\t\t\t\t\t\t\t\t<\/div>\n\t\t\t\t<\/div>\n\t\t            <\/div>\r\n        <\/div>\r\n        \t\t\t<\/div>\n\t\t<\/section>\n\t\t        <section class=\"elementor-section elementor-top-section elementor-element elementor-element-8f1f6be elementor-section-boxed elementor-section-height-default elementor-section-height-default pxl-section-overflow-hidden-no\" data-id=\"8f1f6be\" data-element_type=\"section\" data-e-type=\"section\">\n\n                \n                <div class=\"elementor-container elementor-column-gap-default \">\n                <div class=\"elementor-column elementor-col-100 elementor-top-column elementor-element elementor-element-8a89110 pxl-column-element-default\" data-id=\"8a89110\" data-element_type=\"column\" data-e-type=\"column\">\r\n        <div class=\"elementor-widget-wrap elementor-element-populated\">\r\n                     \r\n        \t\t<div class=\"elementor-element elementor-element-db2773b elementor-widget elementor-widget-pxl_text_editor\" data-id=\"db2773b\" data-element_type=\"widget\" data-e-type=\"widget\" data-widget_type=\"pxl_text_editor.default\">\n\t\t\t\t<div class=\"elementor-widget-container\">\n\t\t\t\t\t<div id=\"pxl_text_editor-db2773b-2369\" class=\"pxl-text-editor-wrap d-flex \" >\n\t<div class=\"pxl-text-editor elementor-clearfix\">\n\t\t<p>Por otra parte, los <a href=\"https:\/\/enertik.com\/ar\/categoria\/energia-solar-fotovoltaica\/inversores-con-conexion-a-red\/\" target=\"_blank\" rel=\"noreferrer noopener\" aria-label=\"inversores para sistema ON GRID (opens in a new tab)\">inversores para sistema ON GRID<\/a> o instalaciones en red, poseen funcionalidades espec\u00edficas en comparaci\u00f3n con otros tipos de <a href=\"https:\/\/enertik.com\/ar\/categoria\/inversores\/inversores-cargadores\/\" target=\"_blank\" rel=\"noreferrer noopener\" aria-label=\"inversores (opens in a new tab)\">inversores<\/a>, porque deben poder sincronizarse en fase con la tensi\u00f3n de la red y cumplir con reglas de calidad de la misma. Atendiendo a estas consideraciones se debe garantizar:<\/p><ul><li>Funcionamiento \u201cen paralelo\u201d: interrumpe el funcionamiento cuando se corta el funcionamiento de la red<\/li><li>Rendimiento mayor al 95%<\/li><li>Interruptor autom\u00e1tico: detecta autom\u00e1ticamente cuando hay luz suficiente para conectarse a la red<\/li><li>Limitador de tensi\u00f3n y frecuencia m\u00e1xima y m\u00ednima: Senza los valores de tensi\u00f3n y frecuencia de la red. Si la salida del inversor no se encuentra dentro de esos par\u00e1metros debe desconectarse autom\u00e1ticamente<\/li><\/ul>\t\t\n\t<\/div>\n<\/div>\t\t\t\t<\/div>\n\t\t\t\t<\/div>\n\t\t            <\/div>\r\n        <\/div>\r\n        \t\t\t<\/div>\n\t\t<\/section>\n\t\t        <section class=\"elementor-section elementor-top-section elementor-element elementor-element-391ca12 elementor-section-boxed elementor-section-height-default elementor-section-height-default pxl-section-overflow-hidden-no\" data-id=\"391ca12\" data-element_type=\"section\" data-e-type=\"section\">\n\n                \n                <div class=\"elementor-container elementor-column-gap-default \">\n                <div class=\"elementor-column elementor-col-100 elementor-top-column elementor-element elementor-element-9867a1a pxl-column-element-default\" data-id=\"9867a1a\" data-element_type=\"column\" data-e-type=\"column\">\r\n        <div class=\"elementor-widget-wrap elementor-element-populated\">\r\n                     \r\n        \t\t<div class=\"elementor-element elementor-element-9c7e407 elementor-widget elementor-widget-heading\" data-id=\"9c7e407\" data-element_type=\"widget\" data-e-type=\"widget\" data-widget_type=\"heading.default\">\n\t\t\t\t<div class=\"elementor-widget-container\">\n\t\t\t\t\t<h2 class=\"elementor-heading-title elementor-size-large\">Ventajas y desventajas de sistemas ON GRID\n<\/h2>\t\t\t\t<\/div>\n\t\t\t\t<\/div>\n\t\t            <\/div>\r\n        <\/div>\r\n        \t\t\t<\/div>\n\t\t<\/section>\n\t\t        <section class=\"elementor-section elementor-top-section elementor-element elementor-element-2c75bc7 elementor-section-boxed elementor-section-height-default elementor-section-height-default pxl-section-overflow-hidden-no\" data-id=\"2c75bc7\" data-element_type=\"section\" data-e-type=\"section\">\n\n                \n                <div class=\"elementor-container elementor-column-gap-default \">\n                <div class=\"elementor-column elementor-col-100 elementor-top-column elementor-element elementor-element-1ed4a97 pxl-column-element-default\" data-id=\"1ed4a97\" data-element_type=\"column\" data-e-type=\"column\">\r\n        <div class=\"elementor-widget-wrap elementor-element-populated\">\r\n                     \r\n        \t\t<div class=\"elementor-element elementor-element-50c83cc elementor-widget elementor-widget-pxl_text_editor\" data-id=\"50c83cc\" data-element_type=\"widget\" data-e-type=\"widget\" data-widget_type=\"pxl_text_editor.default\">\n\t\t\t\t<div class=\"elementor-widget-container\">\n\t\t\t\t\t<div id=\"pxl_text_editor-50c83cc-6378\" class=\"pxl-text-editor-wrap d-flex \" >\n\t<div class=\"pxl-text-editor elementor-clearfix\">\n\t\t<p>Dentro del conjunto de ventajas se puede destacar que son sistemas ideales para ahorro econ\u00f3mico y de r\u00e1pida recuperaci\u00f3n de la inversi\u00f3n. Producen disminuci\u00f3n del impacto ambiental al provenir de un recurso renovable, funcionan sin bater\u00edas y alivia las redes el\u00e9ctricas de distribuci\u00f3n. Entre las desventajas encontramos que al depender del sol, es una fuente de energ\u00eda intermitente.<\/p>\t\t\n\t<\/div>\n<\/div>\t\t\t\t<\/div>\n\t\t\t\t<\/div>\n\t\t            <\/div>\r\n        <\/div>\r\n        \t\t\t<\/div>\n\t\t<\/section>\n\t\t        <section class=\"elementor-section elementor-top-section elementor-element elementor-element-1d1c397 elementor-section-boxed elementor-section-height-default elementor-section-height-default pxl-section-overflow-hidden-no\" data-id=\"1d1c397\" data-element_type=\"section\" data-e-type=\"section\">\n\n                \n                <div class=\"elementor-container elementor-column-gap-default \">\n                <div class=\"elementor-column elementor-col-100 elementor-top-column elementor-element elementor-element-2f3a4f8 pxl-column-element-default\" data-id=\"2f3a4f8\" data-element_type=\"column\" data-e-type=\"column\">\r\n        <div class=\"elementor-widget-wrap elementor-element-populated\">\r\n                     \r\n        \t\t<div class=\"elementor-element elementor-element-1777ca4 elementor-widget elementor-widget-heading\" data-id=\"1777ca4\" data-element_type=\"widget\" data-e-type=\"widget\" data-widget_type=\"heading.default\">\n\t\t\t\t<div class=\"elementor-widget-container\">\n\t\t\t\t\t<h2 class=\"elementor-heading-title elementor-size-large\">\u00bfQue debemos tener en cuenta desde el punto de vista econ\u00f3mico?<\/h2>\t\t\t\t<\/div>\n\t\t\t\t<\/div>\n\t\t            <\/div>\r\n        <\/div>\r\n        \t\t\t<\/div>\n\t\t<\/section>\n\t\t        <section class=\"elementor-section elementor-top-section elementor-element elementor-element-c0e4c28 elementor-section-boxed elementor-section-height-default elementor-section-height-default pxl-section-overflow-hidden-no\" data-id=\"c0e4c28\" data-element_type=\"section\" data-e-type=\"section\">\n\n                \n                <div class=\"elementor-container elementor-column-gap-default \">\n                <div class=\"elementor-column elementor-col-100 elementor-top-column elementor-element elementor-element-f046cc6 pxl-column-element-default\" data-id=\"f046cc6\" data-element_type=\"column\" data-e-type=\"column\">\r\n        <div class=\"elementor-widget-wrap elementor-element-populated\">\r\n                     \r\n        \t\t<div class=\"elementor-element elementor-element-adddc53 elementor-widget elementor-widget-pxl_text_editor\" data-id=\"adddc53\" data-element_type=\"widget\" data-e-type=\"widget\" data-widget_type=\"pxl_text_editor.default\">\n\t\t\t\t<div class=\"elementor-widget-container\">\n\t\t\t\t\t<div id=\"pxl_text_editor-adddc53-3462\" class=\"pxl-text-editor-wrap d-flex \" >\n\t<div class=\"pxl-text-editor elementor-clearfix\">\n\t\t<p>Finalmente, relacionado con el aspecto econ\u00f3mico, si por ejemplo queremos adquirir una instalaci\u00f3n de 2,6 kwp que genera anualmente 4750 kwh (395 kwh\/mes), la misma ronda los U$D 3500 + iva con instalaci\u00f3n incluida y se compone por un inversor 2,6kw y nueve paneles solares de 270 watts<\/p><p>El periodo de recupero se estima entre 4 y 6 a\u00f1os. No obstante, no se puede conocer con exactitud porque depende de valores variables como el precio de la energ\u00eda y el USD, pero puede ser bastante aproximado. Por otro lado, existen cr\u00e9ditos fiscales destinados a facilitar la adquisici\u00f3n del sistema y promover el uso de las energ\u00edas renovable.<\/p><p>Para dimensionar el sistema te invitamos a explorar el art\u00edculo en nuestro blog <a href=\"https:\/\/solartik.com\/ar\/blog\/energia-solar-fotovoltaica\/paneles-solares\/paneles-solares-para-casas-como-funcionan\/\">https:\/\/solartik.com\/ar\/blog\/energia-solar-fotovoltaica\/paneles-solares\/paneles-solares-para-casas-como-funcionan\/<\/a>en la seccion \u201c\u00bfcuantos paneles solares necesito para una casa?. Para mas informacion, comunicate con nosotros mediante el formulario de contacto <a href=\"https:\/\/solartik.com\/ar\/contacto\/\">https:\/\/solartik.com\/ar\/contacto\/<\/a>\u00a0 o por el\u00a0 medio disponible que desees.<\/p>\t\t\n\t<\/div>\n<\/div>\t\t\t\t<\/div>\n\t\t\t\t<\/div>\n\t\t            <\/div>\r\n        <\/div>\r\n        \t\t\t<\/div>\n\t\t<\/section>\n\t\t\t\t<\/div>\n\t\t","protected":false},"excerpt":{"rendered":"<p>Un sistema solar ON GRID o en red, es un sistema conformado por paneles solares, soportes de fijacion, cables, inversor, protecciones el\u00e9ctricas y medidor bidireccional, dise\u00f1ado para convertir la radiaci\u00f3n solar que llega a los paneles, en energ\u00eda el\u00e9ctrica con id\u00e9nticas caracter\u00edstica que la red para inyectarla a la misma. La conexi\u00f3n entre los componentes [&hellip;]<\/p>\n","protected":false},"author":3,"featured_media":6688,"comment_status":"open","ping_status":"open","sticky":false,"template":"","format":"standard","meta":{"footnotes":""},"categories":[69,68],"tags":[82,83],"class_list":["post-6687","post","type-post","status-publish","format-standard","has-post-thumbnail","hentry","category-general","category-energia-solar-fotovoltaica","tag-que-es-un-sistema-on-grid","tag-sistema-energia-solar-ongrid"],"amp_enabled":true,"_links":{"self":[{"href":"https:\/\/solartik.com\/ar\/wp-json\/wp\/v2\/posts\/6687","targetHints":{"allow":["GET"]}}],"collection":[{"href":"https:\/\/solartik.com\/ar\/wp-json\/wp\/v2\/posts"}],"about":[{"href":"https:\/\/solartik.com\/ar\/wp-json\/wp\/v2\/types\/post"}],"author":[{"embeddable":true,"href":"https:\/\/solartik.com\/ar\/wp-json\/wp\/v2\/users\/3"}],"replies":[{"embeddable":true,"href":"https:\/\/solartik.com\/ar\/wp-json\/wp\/v2\/comments?post=6687"}],"version-history":[{"count":0,"href":"https:\/\/solartik.com\/ar\/wp-json\/wp\/v2\/posts\/6687\/revisions"}],"wp:featuredmedia":[{"embeddable":true,"href":"https:\/\/solartik.com\/ar\/wp-json\/wp\/v2\/media\/6688"}],"wp:attachment":[{"href":"https:\/\/solartik.com\/ar\/wp-json\/wp\/v2\/media?parent=6687"}],"wp:term":[{"taxonomy":"category","embeddable":true,"href":"https:\/\/solartik.com\/ar\/wp-json\/wp\/v2\/categories?post=6687"},{"taxonomy":"post_tag","embeddable":true,"href":"https:\/\/solartik.com\/ar\/wp-json\/wp\/v2\/tags?post=6687"}],"curies":[{"name":"wp","href":"https:\/\/api.w.org\/{rel}","templated":true}]}}